{"id":2154,"date":"2024-11-20T14:28:58","date_gmt":"2024-11-20T14:28:58","guid":{"rendered":"https:\/\/turismo.regedouro.com\/en\/?p=2154"},"modified":"2024-11-20T14:29:25","modified_gmt":"2024-11-20T14:29:25","slug":"como-viver-uma-estadia-sustentavel","status":"publish","type":"post","link":"https:\/\/turismo.regedouro.com\/es\/2024\/11\/20\/como-viver-uma-estadia-sustentavel\/","title":{"rendered":"Como Viver uma Estadia Sustent\u00e1vel"},"content":{"rendered":"<p class=\"qtranxs-available-languages-message qtranxs-available-languages-message-es\">Disculpa, pero esta entrada est\u00e1 disponible s\u00f3lo en <a href=\"https:\/\/turismo.regedouro.com\/pt\/wp-json\/wp\/v2\/posts\/2154\" class=\"qtranxs-available-language-link qtranxs-available-language-link-pt\" title=\"Portugu\u00eas\">Portugu\u00eas<\/a> y <a href=\"https:\/\/turismo.regedouro.com\/en\/wp-json\/wp\/v2\/posts\/2154\" class=\"qtranxs-available-language-link qtranxs-available-language-link-en\" title=\"English\">English<\/a>.<\/p>","protected":false},"excerpt":{"rendered":"<p class=\"qtranxs-available-languages-message qtranxs-available-languages-message-es\">Disculpa, pero esta entrada est\u00e1 disponible s\u00f3lo en <a href=\"https:\/\/turismo.regedouro.com\/pt\/wp-json\/wp\/v2\/posts\/2154\" class=\"qtranxs-available-language-link qtranxs-available-language-link-pt\" title=\"Portugu\u00eas\">Portugu\u00eas<\/a> y <a href=\"https:\/\/turismo.regedouro.com\/en\/wp-json\/wp\/v2\/posts\/2154\" class=\"qtranxs-available-language-link qtranxs-available-language-link-en\" title=\"English\">English<\/a>.<\/p>\n","protected":false},"author":1,"featured_media":2159,"comment_status":"closed","ping_status":"closed","sticky":false,"template":"","format":"standard","meta":{"_acf_changed":false,"_joinchat":[],"footnotes":""},"categories":[19],"tags":[17],"class_list":["post-2154","post","type-post","status-publish","format-standard","has-post-thumbnail","hentry","category-aldeia","tag-sustentabilidade"],"acf":[],"yoast_head":"<!-- This site is optimized with the Yoast SEO plugin v27.4 - https:\/\/yoast.com\/product\/yoast-seo-wordpress\/ -->\n<title><\/title>\n<meta name=\"description\" content=\"Descobre como Viver uma Estadia Sustent\u00e1vel no Cora\u00e7\u00e3o do Alentejo com dicas pr\u00e1ticas de sustentabilidade e aprecia\u00e7\u00e3o cultural do espa\u00e7o.\" \/>\n<meta name=\"robots\" content=\"index, follow, max-snippet:-1, max-image-preview:large, max-video-preview:-1\" \/>\n<link rel=\"canonical\" href=\"https:\/\/turismo.regedouro.com\/2024\/11\/20\/como-viver-uma-estadia-sustentavel\/\" \/>\n<meta property=\"og:locale\" content=\"es_ES\" \/>\n<meta property=\"og:type\" content=\"article\" \/>\n<meta property=\"og:title\" content=\"[:pt]Como Viver uma Estadia Sustent\u00e1vel[:en]Como Viver uma Estadia Sustent\u00e1vel[:] - S\u00e3o Br\u00e1s do Regedouro\" \/>\n<meta property=\"og:description\" content=\"Descobre como Viver uma Estadia Sustent\u00e1vel no Cora\u00e7\u00e3o do Alentejo com dicas pr\u00e1ticas de sustentabilidade e aprecia\u00e7\u00e3o cultural do espa\u00e7o.\" \/>\n<meta property=\"og:url\" content=\"https:\/\/turismo.regedouro.com\/2024\/11\/20\/como-viver-uma-estadia-sustentavel\/\" \/>\n<meta property=\"og:site_name\" content=\"S\u00e3o Br\u00e1s do Regedouro\" \/>\n<meta property=\"article:publisher\" content=\"https:\/\/www.facebook.com\/saobrasdoregedouro\" \/>\n<meta property=\"article:published_time\" content=\"2024-11-20T14:28:58+00:00\" \/>\n<meta property=\"article:modified_time\" content=\"2024-11-20T14:29:25+00:00\" \/>\n<meta property=\"og:image\" content=\"https:\/\/turismo.regedouro.com\/wp-content\/uploads\/2024\/11\/IMG_8117.jpg\" \/>\n\t<meta property=\"og:image:width\" content=\"1581\" \/>\n\t<meta property=\"og:image:height\" content=\"2048\" \/>\n\t<meta property=\"og:image:type\" content=\"image\/jpeg\" \/>\n<meta name=\"author\" content=\"admin\" \/>\n<meta name=\"twitter:card\" content=\"summary_large_image\" \/>\n<meta name=\"twitter:label1\" content=\"Escrito por\" \/>\n\t<meta name=\"twitter:data1\" content=\"admin\" \/>\n\t<meta name=\"twitter:label2\" content=\"Tiempo de lectura\" \/>\n\t<meta name=\"twitter:data2\" content=\"1 minuto\" \/>\n<script type=\"application\/ld+json\" class=\"yoast-schema-graph\">{\"@context\":\"https:\\\/\\\/schema.org\",\"@graph\":[{\"@type\":\"Article\",\"@id\":\"https:\\\/\\\/turismo.regedouro.com\\\/2024\\\/11\\\/20\\\/como-viver-uma-estadia-sustentavel\\\/#article\",\"isPartOf\":{\"@id\":\"https:\\\/\\\/turismo.regedouro.com\\\/2024\\\/11\\\/20\\\/como-viver-uma-estadia-sustentavel\\\/\"},\"author\":{\"name\":\"admin\",\"@id\":\"https:\\\/\\\/turismo.regedouro.com\\\/#\\\/schema\\\/person\\\/ba6b8ec3e7e72cfa7663c0fd89bbcec5\"},\"headline\":\"Como Viver uma Estadia Sustent\u00e1vel\",\"datePublished\":\"2024-11-20T14:28:58+00:00\",\"dateModified\":\"2024-11-20T14:29:25+00:00\",\"mainEntityOfPage\":{\"@id\":\"https:\\\/\\\/turismo.regedouro.com\\\/2024\\\/11\\\/20\\\/como-viver-uma-estadia-sustentavel\\\/\"},\"wordCount\":16,\"publisher\":{\"@id\":\"https:\\\/\\\/turismo.regedouro.com\\\/#organization\"},\"image\":{\"@id\":\"https:\\\/\\\/turismo.regedouro.com\\\/2024\\\/11\\\/20\\\/como-viver-uma-estadia-sustentavel\\\/#primaryimage\"},\"thumbnailUrl\":\"https:\\\/\\\/turismo.regedouro.com\\\/wp-content\\\/uploads\\\/2024\\\/11\\\/IMG_8117.jpg\",\"keywords\":[\"Sustentabilidade\"],\"articleSection\":[\"Aldeia\"],\"inLanguage\":\"es\"},{\"@type\":\"WebPage\",\"@id\":\"https:\\\/\\\/turismo.regedouro.com\\\/2024\\\/11\\\/20\\\/como-viver-uma-estadia-sustentavel\\\/\",\"url\":\"https:\\\/\\\/turismo.regedouro.com\\\/2024\\\/11\\\/20\\\/como-viver-uma-estadia-sustentavel\\\/\",\"name\":\"[:pt]Como Viver uma Estadia Sustent\u00e1vel[:en]Como Viver uma Estadia Sustent\u00e1vel[:] - S\u00e3o Br\u00e1s do Regedouro\",\"isPartOf\":{\"@id\":\"https:\\\/\\\/turismo.regedouro.com\\\/#website\"},\"primaryImageOfPage\":{\"@id\":\"https:\\\/\\\/turismo.regedouro.com\\\/2024\\\/11\\\/20\\\/como-viver-uma-estadia-sustentavel\\\/#primaryimage\"},\"image\":{\"@id\":\"https:\\\/\\\/turismo.regedouro.com\\\/2024\\\/11\\\/20\\\/como-viver-uma-estadia-sustentavel\\\/#primaryimage\"},\"thumbnailUrl\":\"https:\\\/\\\/turismo.regedouro.com\\\/wp-content\\\/uploads\\\/2024\\\/11\\\/IMG_8117.jpg\",\"datePublished\":\"2024-11-20T14:28:58+00:00\",\"dateModified\":\"2024-11-20T14:29:25+00:00\",\"description\":\"Descobre como Viver uma Estadia Sustent\u00e1vel no Cora\u00e7\u00e3o do Alentejo com dicas pr\u00e1ticas de sustentabilidade e aprecia\u00e7\u00e3o cultural do espa\u00e7o.\",\"breadcrumb\":{\"@id\":\"https:\\\/\\\/turismo.regedouro.com\\\/2024\\\/11\\\/20\\\/como-viver-uma-estadia-sustentavel\\\/#breadcrumb\"},\"inLanguage\":\"es\",\"potentialAction\":[{\"@type\":\"ReadAction\",\"target\":[\"https:\\\/\\\/turismo.regedouro.com\\\/2024\\\/11\\\/20\\\/como-viver-uma-estadia-sustentavel\\\/\"]}]},{\"@type\":\"ImageObject\",\"inLanguage\":\"es\",\"@id\":\"https:\\\/\\\/turismo.regedouro.com\\\/2024\\\/11\\\/20\\\/como-viver-uma-estadia-sustentavel\\\/#primaryimage\",\"url\":\"https:\\\/\\\/turismo.regedouro.com\\\/wp-content\\\/uploads\\\/2024\\\/11\\\/IMG_8117.jpg\",\"contentUrl\":\"https:\\\/\\\/turismo.regedouro.com\\\/wp-content\\\/uploads\\\/2024\\\/11\\\/IMG_8117.jpg\",\"width\":1581,\"height\":2048},{\"@type\":\"BreadcrumbList\",\"@id\":\"https:\\\/\\\/turismo.regedouro.com\\\/2024\\\/11\\\/20\\\/como-viver-uma-estadia-sustentavel\\\/#breadcrumb\",\"itemListElement\":[{\"@type\":\"ListItem\",\"position\":1,\"name\":\"Home\",\"item\":\"https:\\\/\\\/turismo.regedouro.com\\\/es\\\/\"},{\"@type\":\"ListItem\",\"position\":2,\"name\":\"Como Viver uma Estadia Sustent\u00e1vel\"}]},{\"@type\":\"WebSite\",\"@id\":\"https:\\\/\\\/turismo.regedouro.com\\\/#website\",\"url\":\"https:\\\/\\\/turismo.regedouro.com\\\/\",\"name\":\"S\u00e3o Br\u00e1s do Regedouro - Turismo na Aldeia\",\"description\":\"Turismo na Aldeia\",\"publisher\":{\"@id\":\"https:\\\/\\\/turismo.regedouro.com\\\/#organization\"},\"potentialAction\":[{\"@type\":\"SearchAction\",\"target\":{\"@type\":\"EntryPoint\",\"urlTemplate\":\"https:\\\/\\\/turismo.regedouro.com\\\/?s={search_term_string}\"},\"query-input\":{\"@type\":\"PropertyValueSpecification\",\"valueRequired\":true,\"valueName\":\"search_term_string\"}}],\"inLanguage\":\"es\"},{\"@type\":\"Organization\",\"@id\":\"https:\\\/\\\/turismo.regedouro.com\\\/#organization\",\"name\":\"S\u00e3o Br\u00e1s do Regedouro - Turismo na Aldeia\",\"url\":\"https:\\\/\\\/turismo.regedouro.com\\\/\",\"logo\":{\"@type\":\"ImageObject\",\"inLanguage\":\"es\",\"@id\":\"https:\\\/\\\/turismo.regedouro.com\\\/#\\\/schema\\\/logo\\\/image\\\/\",\"url\":\"https:\\\/\\\/turismo.regedouro.com\\\/wp-content\\\/uploads\\\/2023\\\/06\\\/cropped-Horizontal_Azul-1.png\",\"contentUrl\":\"https:\\\/\\\/turismo.regedouro.com\\\/wp-content\\\/uploads\\\/2023\\\/06\\\/cropped-Horizontal_Azul-1.png\",\"width\":512,\"height\":512,\"caption\":\"S\u00e3o Br\u00e1s do Regedouro - Turismo na Aldeia\"},\"image\":{\"@id\":\"https:\\\/\\\/turismo.regedouro.com\\\/#\\\/schema\\\/logo\\\/image\\\/\"},\"sameAs\":[\"https:\\\/\\\/www.facebook.com\\\/saobrasdoregedouro\",\"https:\\\/\\\/www.instagram.com\\\/saobrasdoregedouro\\\/\"]},{\"@type\":\"Person\",\"@id\":\"https:\\\/\\\/turismo.regedouro.com\\\/#\\\/schema\\\/person\\\/ba6b8ec3e7e72cfa7663c0fd89bbcec5\",\"name\":\"admin\",\"image\":{\"@type\":\"ImageObject\",\"inLanguage\":\"es\",\"@id\":\"https:\\\/\\\/secure.gravatar.com\\\/avatar\\\/c75937b76c4e069af6a9431fb236a47cc885a31395d3af64cef8d220b320932d?s=96&d=mm&r=g\",\"url\":\"https:\\\/\\\/secure.gravatar.com\\\/avatar\\\/c75937b76c4e069af6a9431fb236a47cc885a31395d3af64cef8d220b320932d?s=96&d=mm&r=g\",\"contentUrl\":\"https:\\\/\\\/secure.gravatar.com\\\/avatar\\\/c75937b76c4e069af6a9431fb236a47cc885a31395d3af64cef8d220b320932d?s=96&d=mm&r=g\",\"caption\":\"admin\"},\"sameAs\":[\"https:\\\/\\\/turismo.regedouro.com\"],\"url\":\"https:\\\/\\\/turismo.regedouro.com\\\/es\\\/author\\\/admin\\\/\"}]}<\/script>\n<!-- \/ Yoast SEO plugin. -->","yoast_head_json":{"title":"[:pt]Como Viver uma Estadia Sustent\u00e1vel[:en]Como Viver uma Estadia Sustent\u00e1vel[:] - S\u00e3o Br\u00e1s do Regedouro","description":"Descobre como Viver uma Estadia Sustent\u00e1vel no Cora\u00e7\u00e3o do Alentejo com dicas pr\u00e1ticas de sustentabilidade e aprecia\u00e7\u00e3o cultural do espa\u00e7o.","robots":{"index":"index","follow":"follow","max-snippet":"max-snippet:-1","max-image-preview":"max-image-preview:large","max-video-preview":"max-video-preview:-1"},"canonical":"https:\/\/turismo.regedouro.com\/2024\/11\/20\/como-viver-uma-estadia-sustentavel\/","og_locale":"es_ES","og_type":"article","og_title":"[:pt]Como Viver uma Estadia Sustent\u00e1vel[:en]Como Viver uma Estadia Sustent\u00e1vel[:] - S\u00e3o Br\u00e1s do Regedouro","og_description":"Descobre como Viver uma Estadia Sustent\u00e1vel no Cora\u00e7\u00e3o do Alentejo com dicas pr\u00e1ticas de sustentabilidade e aprecia\u00e7\u00e3o cultural do espa\u00e7o.","og_url":"https:\/\/turismo.regedouro.com\/2024\/11\/20\/como-viver-uma-estadia-sustentavel\/","og_site_name":"S\u00e3o Br\u00e1s do Regedouro","article_publisher":"https:\/\/www.facebook.com\/saobrasdoregedouro","article_published_time":"2024-11-20T14:28:58+00:00","article_modified_time":"2024-11-20T14:29:25+00:00","og_image":[{"width":1581,"height":2048,"url":"https:\/\/turismo.regedouro.com\/wp-content\/uploads\/2024\/11\/IMG_8117.jpg","type":"image\/jpeg"}],"author":"admin","twitter_card":"summary_large_image","twitter_misc":{"Escrito por":"admin","Tiempo de lectura":"1 minuto"},"schema":{"@context":"https:\/\/schema.org","@graph":[{"@type":"Article","@id":"https:\/\/turismo.regedouro.com\/2024\/11\/20\/como-viver-uma-estadia-sustentavel\/#article","isPartOf":{"@id":"https:\/\/turismo.regedouro.com\/2024\/11\/20\/como-viver-uma-estadia-sustentavel\/"},"author":{"name":"admin","@id":"https:\/\/turismo.regedouro.com\/#\/schema\/person\/ba6b8ec3e7e72cfa7663c0fd89bbcec5"},"headline":"Como Viver uma Estadia Sustent\u00e1vel","datePublished":"2024-11-20T14:28:58+00:00","dateModified":"2024-11-20T14:29:25+00:00","mainEntityOfPage":{"@id":"https:\/\/turismo.regedouro.com\/2024\/11\/20\/como-viver-uma-estadia-sustentavel\/"},"wordCount":16,"publisher":{"@id":"https:\/\/turismo.regedouro.com\/#organization"},"image":{"@id":"https:\/\/turismo.regedouro.com\/2024\/11\/20\/como-viver-uma-estadia-sustentavel\/#primaryimage"},"thumbnailUrl":"https:\/\/turismo.regedouro.com\/wp-content\/uploads\/2024\/11\/IMG_8117.jpg","keywords":["Sustentabilidade"],"articleSection":["Aldeia"],"inLanguage":"es"},{"@type":"WebPage","@id":"https:\/\/turismo.regedouro.com\/2024\/11\/20\/como-viver-uma-estadia-sustentavel\/","url":"https:\/\/turismo.regedouro.com\/2024\/11\/20\/como-viver-uma-estadia-sustentavel\/","name":"[:pt]Como Viver uma Estadia Sustent\u00e1vel[:en]Como Viver uma Estadia Sustent\u00e1vel[:] - S\u00e3o Br\u00e1s do Regedouro","isPartOf":{"@id":"https:\/\/turismo.regedouro.com\/#website"},"primaryImageOfPage":{"@id":"https:\/\/turismo.regedouro.com\/2024\/11\/20\/como-viver-uma-estadia-sustentavel\/#primaryimage"},"image":{"@id":"https:\/\/turismo.regedouro.com\/2024\/11\/20\/como-viver-uma-estadia-sustentavel\/#primaryimage"},"thumbnailUrl":"https:\/\/turismo.regedouro.com\/wp-content\/uploads\/2024\/11\/IMG_8117.jpg","datePublished":"2024-11-20T14:28:58+00:00","dateModified":"2024-11-20T14:29:25+00:00","description":"Descobre como Viver uma Estadia Sustent\u00e1vel no Cora\u00e7\u00e3o do Alentejo com dicas pr\u00e1ticas de sustentabilidade e aprecia\u00e7\u00e3o cultural do espa\u00e7o.","breadcrumb":{"@id":"https:\/\/turismo.regedouro.com\/2024\/11\/20\/como-viver-uma-estadia-sustentavel\/#breadcrumb"},"inLanguage":"es","potentialAction":[{"@type":"ReadAction","target":["https:\/\/turismo.regedouro.com\/2024\/11\/20\/como-viver-uma-estadia-sustentavel\/"]}]},{"@type":"ImageObject","inLanguage":"es","@id":"https:\/\/turismo.regedouro.com\/2024\/11\/20\/como-viver-uma-estadia-sustentavel\/#primaryimage","url":"https:\/\/turismo.regedouro.com\/wp-content\/uploads\/2024\/11\/IMG_8117.jpg","contentUrl":"https:\/\/turismo.regedouro.com\/wp-content\/uploads\/2024\/11\/IMG_8117.jpg","width":1581,"height":2048},{"@type":"BreadcrumbList","@id":"https:\/\/turismo.regedouro.com\/2024\/11\/20\/como-viver-uma-estadia-sustentavel\/#breadcrumb","itemListElement":[{"@type":"ListItem","position":1,"name":"Home","item":"https:\/\/turismo.regedouro.com\/es\/"},{"@type":"ListItem","position":2,"name":"Como Viver uma Estadia Sustent\u00e1vel"}]},{"@type":"WebSite","@id":"https:\/\/turismo.regedouro.com\/#website","url":"https:\/\/turismo.regedouro.com\/","name":"S\u00e3o Br\u00e1s do Regedouro - Turismo na Aldeia","description":"Turismo na Aldeia","publisher":{"@id":"https:\/\/turismo.regedouro.com\/#organization"},"potentialAction":[{"@type":"SearchAction","target":{"@type":"EntryPoint","urlTemplate":"https:\/\/turismo.regedouro.com\/?s={search_term_string}"},"query-input":{"@type":"PropertyValueSpecification","valueRequired":true,"valueName":"search_term_string"}}],"inLanguage":"es"},{"@type":"Organization","@id":"https:\/\/turismo.regedouro.com\/#organization","name":"S\u00e3o Br\u00e1s do Regedouro - Turismo na Aldeia","url":"https:\/\/turismo.regedouro.com\/","logo":{"@type":"ImageObject","inLanguage":"es","@id":"https:\/\/turismo.regedouro.com\/#\/schema\/logo\/image\/","url":"https:\/\/turismo.regedouro.com\/wp-content\/uploads\/2023\/06\/cropped-Horizontal_Azul-1.png","contentUrl":"https:\/\/turismo.regedouro.com\/wp-content\/uploads\/2023\/06\/cropped-Horizontal_Azul-1.png","width":512,"height":512,"caption":"S\u00e3o Br\u00e1s do Regedouro - Turismo na Aldeia"},"image":{"@id":"https:\/\/turismo.regedouro.com\/#\/schema\/logo\/image\/"},"sameAs":["https:\/\/www.facebook.com\/saobrasdoregedouro","https:\/\/www.instagram.com\/saobrasdoregedouro\/"]},{"@type":"Person","@id":"https:\/\/turismo.regedouro.com\/#\/schema\/person\/ba6b8ec3e7e72cfa7663c0fd89bbcec5","name":"admin","image":{"@type":"ImageObject","inLanguage":"es","@id":"https:\/\/secure.gravatar.com\/avatar\/c75937b76c4e069af6a9431fb236a47cc885a31395d3af64cef8d220b320932d?s=96&d=mm&r=g","url":"https:\/\/secure.gravatar.com\/avatar\/c75937b76c4e069af6a9431fb236a47cc885a31395d3af64cef8d220b320932d?s=96&d=mm&r=g","contentUrl":"https:\/\/secure.gravatar.com\/avatar\/c75937b76c4e069af6a9431fb236a47cc885a31395d3af64cef8d220b320932d?s=96&d=mm&r=g","caption":"admin"},"sameAs":["https:\/\/turismo.regedouro.com"],"url":"https:\/\/turismo.regedouro.com\/es\/author\/admin\/"}]}},"_links":{"self":[{"href":"https:\/\/turismo.regedouro.com\/es\/wp-json\/wp\/v2\/posts\/2154","targetHints":{"allow":["GET"]}}],"collection":[{"href":"https:\/\/turismo.regedouro.com\/es\/wp-json\/wp\/v2\/posts"}],"about":[{"href":"https:\/\/turismo.regedouro.com\/es\/wp-json\/wp\/v2\/types\/post"}],"author":[{"embeddable":true,"href":"https:\/\/turismo.regedouro.com\/es\/wp-json\/wp\/v2\/users\/1"}],"replies":[{"embeddable":true,"href":"https:\/\/turismo.regedouro.com\/es\/wp-json\/wp\/v2\/comments?post=2154"}],"version-history":[{"count":2,"href":"https:\/\/turismo.regedouro.com\/es\/wp-json\/wp\/v2\/posts\/2154\/revisions"}],"predecessor-version":[{"id":2164,"href":"https:\/\/turismo.regedouro.com\/es\/wp-json\/wp\/v2\/posts\/2154\/revisions\/2164"}],"wp:featuredmedia":[{"embeddable":true,"href":"https:\/\/turismo.regedouro.com\/es\/wp-json\/wp\/v2\/media\/2159"}],"wp:attachment":[{"href":"https:\/\/turismo.regedouro.com\/es\/wp-json\/wp\/v2\/media?parent=2154"}],"wp:term":[{"taxonomy":"category","embeddable":true,"href":"https:\/\/turismo.regedouro.com\/es\/wp-json\/wp\/v2\/categories?post=2154"},{"taxonomy":"post_tag","embeddable":true,"href":"https:\/\/turismo.regedouro.com\/es\/wp-json\/wp\/v2\/tags?post=2154"}],"curies":[{"name":"wp","href":"https:\/\/api.w.org\/{rel}","templated":true}]}}