{"id":2154,"date":"2024-11-20T14:28:58","date_gmt":"2024-11-20T14:28:58","guid":{"rendered":"https:\/\/turismo.regedouro.com\/en\/?p=2154"},"modified":"2024-11-20T14:29:25","modified_gmt":"2024-11-20T14:29:25","slug":"como-viver-uma-estadia-sustentavel","status":"publish","type":"post","link":"https:\/\/turismo.regedouro.com\/en\/2024\/11\/20\/como-viver-uma-estadia-sustentavel\/","title":{"rendered":"Como Viver uma Estadia Sustent\u00e1vel"},"content":{"rendered":"<div class=\"row-imagem-inicial row-imagem-inicial__curta\"\r\n     style=\"background-image: var(--image-gradient), url('https:\/\/turismo.regedouro.com\/wp-content\/uploads\/2024\/03\/62B320BA-4432-49B4-A218-92822F793C02_1_105_c.jpeg')\">\r\n    <div class=\"container\">\r\n        <h1>Como Viver uma Estadia Sustent\u00e1vel no Cora\u00e7\u00e3o do Alentejo \ud83c\udf31<\/h1>\r\n        \r\n    <\/div>\r\n\r\n<\/div>\r\n\r\n\n\n<div class=\"container-lg  row-com-imagens posicao-imagens- row-com-imagens__slider_simples is-slider\">\n    <div class=\"row gx-lg-6\">\n        <div class=\"col-lg-12 align-center texto\">\n            <h2><\/h2>\n            <div><\/div>\n                    <\/div>\n        \t\t\t<div class=\"col-lg-12 align-center imagens imagens-slider imagens-slider-simples\">\n\t\t\t\t<div class=\"carousel--main\">\n                    \t\t\t\t<\/div>\n\t\t\t<\/div>\n\t\t    <\/div>\n<\/div>\n\n\n<div class=\"container-lg  row-com-imagens posicao-imagens-direita row-com-imagens__slider_simples is-slider\">\n    <div class=\"row gx-lg-6\">\n        <div class=\"col-lg-12 align-center texto\">\n            <h2><\/h2>\n            <div><p>Quando pensamos em <strong>turismo rural<\/strong> e <strong>turismo de aldeia<\/strong>, imaginamos tranquilidade, paisagens deslumbrantes e uma reconex\u00e3o com a natureza. Mas e se a sua estadia no Alentejo puder ser mais do que relaxante \u2013 sustent\u00e1vel? Aqui, damos-lhe dicas pr\u00e1ticas para aproveitar uma experi\u00eancia \u00fanica, respeitando o ambiente e as tradi\u00e7\u00f5es locais.<\/p>\n<h4>\ud83c\udf33 <strong>Escolha Alojamentos Sustent\u00e1veis<\/strong><\/h4>\n<p>Optar por alojamentos que promovem a sustentabilidade faz toda a diferen\u00e7a. O <a href=\"#\" rel=\"noopener\">S\u00e3o Br\u00e1s do Regedouro &#8211; Turismo naAldeia<\/a> \u00e9 um excelente exemplo, com uma abordagem que integra a comunidade local, preserva a autenticidade da aldeia e oferece conforto moderno sem desperd\u00edcio.<\/p>\n<p>Al\u00e9m disso, aqui, a sustentabilidade vai al\u00e9m da preserva\u00e7\u00e3o ambiental. A valoriza\u00e7\u00e3o da cultura alentejana e o envolvimento dos moradores nas atividades do dia-a-dia tornam a sua estadia aut\u00eantica e consciente.<\/p>\n<h4>\ud83d\udeb6\u200d\u2640\ufe0f <strong>Explore de Forma Sustent\u00e1vel<\/strong><\/h4>\n<p>Troque o carro por uma caminhada ou um passeio de bicicleta. A aldeia de S\u00e3o Br\u00e1s, com as suas ruas tranquilas e vistas de tirar o f\u00f4lego, \u00e9 perfeita para explorar a p\u00e9. Al\u00e9m disso, muitos alojamentos rurais oferecem atividades como <strong>corktracking<\/strong> ou passeios a cavalo \u2013 op\u00e7\u00f5es ideais para quem quer viver o Alentejo de forma aut\u00eantica.<\/p>\n<\/div>\n                    <\/div>\n        \t\t\t<div class=\"col-lg-12 align-center imagens imagens-slider imagens-slider-simples\">\n\t\t\t\t<div class=\"carousel--main\">\n                    <img loading=\"lazy\" decoding=\"async\" width=\"683\" height=\"1024\" src=\"https:\/\/turismo.regedouro.com\/wp-content\/uploads\/2024\/11\/IMG_8149-683x1024.jpg\" class=\"attachment-large size-large\" alt=\"\" srcset=\"https:\/\/turismo.regedouro.com\/wp-content\/uploads\/2024\/11\/IMG_8149-683x1024.jpg 683w, https:\/\/turismo.regedouro.com\/wp-content\/uploads\/2024\/11\/IMG_8149-200x300.jpg 200w, https:\/\/turismo.regedouro.com\/wp-content\/uploads\/2024\/11\/IMG_8149-480x720.jpg 480w, https:\/\/turismo.regedouro.com\/wp-content\/uploads\/2024\/11\/IMG_8149-720x1080.jpg 720w, https:\/\/turismo.regedouro.com\/wp-content\/uploads\/2024\/11\/IMG_8149.jpg 1365w\" sizes=\"auto, (max-width: 683px) 100vw, 683px\" \/>\t\t\t\t<\/div>\n\t\t\t<\/div>\n\t\t    <\/div>\n<\/div>\n\n\n<div class=\"container-lg  row-com-imagens posicao-imagens-direita row-com-imagens__slider_simples is-slider\">\n    <div class=\"row gx-lg-6\">\n        <div class=\"col-lg-12 align-center texto\">\n            <h2><\/h2>\n            <div><h4>\ud83c\udf1f <strong>Participe na Vida da Aldeia<\/strong><\/h4>\n<p>No <strong>turismo de aldeia<\/strong>, a experi\u00eancia \u00e9 enriquecida ao interagir com os habitantes locais. Participe em atividades comunit\u00e1rias, visite o caf\u00e9 da aldeia e ou\u00e7a as hist\u00f3rias dos moradores. Estes momentos criam mem\u00f3rias inesquec\u00edveis e contribuem para a sustentabilidade social do local.<\/p>\n<h4><strong>Conecte-se com a Natureza<\/strong><\/h4>\n<p>O Alentejo oferece espa\u00e7os verdes e tranquilidade como poucos lugares no mundo. Desfrute de esplanadas ao ar livre, observe as estrelas ou simplesmente relaxe com o som da natureza. Tudo isso ajuda a reduzir o stress, enquanto valoriza o que \u00e9 essencial na vida.<\/p>\n<p>Adotar pr\u00e1ticas sustent\u00e1veis durante a sua estadia no Alentejo n\u00e3o \u00e9 apenas um ato de responsabilidade \u2013 \u00e9 uma forma de viver o melhor que o <strong>turismo rural<\/strong> e o <strong>turismo de aldeia<\/strong> t\u00eam para oferecer. Em locais como o <a href=\"#\" rel=\"noopener\">S\u00e3o Br\u00e1s do Regedouro<\/a>, a sustentabilidade n\u00e3o \u00e9 apenas uma escolha, mas um estilo de vida.<\/p>\n<p>Fa\u00e7a a diferen\u00e7a na sua pr\u00f3xima viagem e descubra como o turismo consciente transforma a forma como vivemos e exploramos o mundo. \ud83c\udf3f<\/p>\n<\/div>\n                    <\/div>\n        \t\t\t<div class=\"col-lg-12 align-center imagens imagens-slider imagens-slider-simples\">\n\t\t\t\t<div class=\"carousel--main\">\n                    <img loading=\"lazy\" decoding=\"async\" width=\"683\" height=\"1024\" src=\"https:\/\/turismo.regedouro.com\/wp-content\/uploads\/2024\/11\/IMG_7997-683x1024.jpg\" class=\"attachment-large size-large\" alt=\"\" srcset=\"https:\/\/turismo.regedouro.com\/wp-content\/uploads\/2024\/11\/IMG_7997-683x1024.jpg 683w, https:\/\/turismo.regedouro.com\/wp-content\/uploads\/2024\/11\/IMG_7997-200x300.jpg 200w, https:\/\/turismo.regedouro.com\/wp-content\/uploads\/2024\/11\/IMG_7997-480x720.jpg 480w, https:\/\/turismo.regedouro.com\/wp-content\/uploads\/2024\/11\/IMG_7997-720x1080.jpg 720w, https:\/\/turismo.regedouro.com\/wp-content\/uploads\/2024\/11\/IMG_7997.jpg 1365w\" sizes=\"auto, (max-width: 683px) 100vw, 683px\" \/>\t\t\t\t<\/div>\n\t\t\t<\/div>\n\t\t    <\/div>\n<\/div>","protected":false},"excerpt":{"rendered":"<p>Quando pensamos em turismo rural e turismo de aldeia, imaginamos tranquilidade, paisagens deslumbrantes e uma reconex\u00e3o com a natureza.<\/p>\n","protected":false},"author":1,"featured_media":2159,"comment_status":"closed","ping_status":"closed","sticky":false,"template":"","format":"standard","meta":{"_acf_changed":false,"_joinchat":[],"footnotes":""},"categories":[19],"tags":[17],"class_list":["post-2154","post","type-post","status-publish","format-standard","has-post-thumbnail","hentry","category-aldeia","tag-sustentabilidade"],"acf":[],"yoast_head":"<!-- This site is optimized with the Yoast SEO plugin v27.4 - https:\/\/yoast.com\/product\/yoast-seo-wordpress\/ -->\n<title>Como Viver uma Estadia Sustent\u00e1vel - S\u00e3o Br\u00e1s do Regedouro<\/title>\n<meta name=\"description\" content=\"Descobre como Viver uma Estadia Sustent\u00e1vel no Cora\u00e7\u00e3o do Alentejo com dicas pr\u00e1ticas de sustentabilidade e aprecia\u00e7\u00e3o cultural do espa\u00e7o.\" \/>\n<meta name=\"robots\" content=\"index, follow, max-snippet:-1, max-image-preview:large, max-video-preview:-1\" \/>\n<link rel=\"canonical\" href=\"https:\/\/turismo.regedouro.com\/2024\/11\/20\/como-viver-uma-estadia-sustentavel\/\" \/>\n<meta property=\"og:locale\" content=\"en_US\" \/>\n<meta property=\"og:type\" content=\"article\" \/>\n<meta property=\"og:title\" content=\"[:pt]Como Viver uma Estadia Sustent\u00e1vel[:en]Como Viver uma Estadia Sustent\u00e1vel[:] - S\u00e3o Br\u00e1s do Regedouro\" \/>\n<meta property=\"og:description\" content=\"Descobre como Viver uma Estadia Sustent\u00e1vel no Cora\u00e7\u00e3o do Alentejo com dicas pr\u00e1ticas de sustentabilidade e aprecia\u00e7\u00e3o cultural do espa\u00e7o.\" \/>\n<meta property=\"og:url\" content=\"https:\/\/turismo.regedouro.com\/2024\/11\/20\/como-viver-uma-estadia-sustentavel\/\" \/>\n<meta property=\"og:site_name\" content=\"S\u00e3o Br\u00e1s do Regedouro\" \/>\n<meta property=\"article:publisher\" content=\"https:\/\/www.facebook.com\/saobrasdoregedouro\" \/>\n<meta property=\"article:published_time\" content=\"2024-11-20T14:28:58+00:00\" \/>\n<meta property=\"article:modified_time\" content=\"2024-11-20T14:29:25+00:00\" \/>\n<meta property=\"og:image\" content=\"https:\/\/turismo.regedouro.com\/wp-content\/uploads\/2024\/11\/IMG_8117.jpg\" \/>\n\t<meta property=\"og:image:width\" content=\"1581\" \/>\n\t<meta property=\"og:image:height\" content=\"2048\" \/>\n\t<meta property=\"og:image:type\" content=\"image\/jpeg\" \/>\n<meta name=\"author\" content=\"admin\" \/>\n<meta name=\"twitter:card\" content=\"summary_large_image\" \/>\n<meta name=\"twitter:label1\" content=\"Written by\" \/>\n\t<meta name=\"twitter:data1\" content=\"admin\" \/>\n\t<meta name=\"twitter:label2\" content=\"Est. reading time\" \/>\n\t<meta name=\"twitter:data2\" content=\"1 minute\" \/>\n<script type=\"application\/ld+json\" class=\"yoast-schema-graph\">{\"@context\":\"https:\\\/\\\/schema.org\",\"@graph\":[{\"@type\":\"Article\",\"@id\":\"https:\\\/\\\/turismo.regedouro.com\\\/2024\\\/11\\\/20\\\/como-viver-uma-estadia-sustentavel\\\/#article\",\"isPartOf\":{\"@id\":\"https:\\\/\\\/turismo.regedouro.com\\\/2024\\\/11\\\/20\\\/como-viver-uma-estadia-sustentavel\\\/\"},\"author\":{\"name\":\"admin\",\"@id\":\"https:\\\/\\\/turismo.regedouro.com\\\/#\\\/schema\\\/person\\\/ba6b8ec3e7e72cfa7663c0fd89bbcec5\"},\"headline\":\"Como Viver uma Estadia Sustent\u00e1vel\",\"datePublished\":\"2024-11-20T14:28:58+00:00\",\"dateModified\":\"2024-11-20T14:29:25+00:00\",\"mainEntityOfPage\":{\"@id\":\"https:\\\/\\\/turismo.regedouro.com\\\/2024\\\/11\\\/20\\\/como-viver-uma-estadia-sustentavel\\\/\"},\"wordCount\":16,\"publisher\":{\"@id\":\"https:\\\/\\\/turismo.regedouro.com\\\/#organization\"},\"image\":{\"@id\":\"https:\\\/\\\/turismo.regedouro.com\\\/2024\\\/11\\\/20\\\/como-viver-uma-estadia-sustentavel\\\/#primaryimage\"},\"thumbnailUrl\":\"https:\\\/\\\/turismo.regedouro.com\\\/wp-content\\\/uploads\\\/2024\\\/11\\\/IMG_8117.jpg\",\"keywords\":[\"Sustentabilidade\"],\"articleSection\":[\"Aldeia\"],\"inLanguage\":\"en-US\"},{\"@type\":\"WebPage\",\"@id\":\"https:\\\/\\\/turismo.regedouro.com\\\/2024\\\/11\\\/20\\\/como-viver-uma-estadia-sustentavel\\\/\",\"url\":\"https:\\\/\\\/turismo.regedouro.com\\\/2024\\\/11\\\/20\\\/como-viver-uma-estadia-sustentavel\\\/\",\"name\":\"[:pt]Como Viver uma Estadia Sustent\u00e1vel[:en]Como Viver uma Estadia Sustent\u00e1vel[:] - S\u00e3o Br\u00e1s do Regedouro\",\"isPartOf\":{\"@id\":\"https:\\\/\\\/turismo.regedouro.com\\\/#website\"},\"primaryImageOfPage\":{\"@id\":\"https:\\\/\\\/turismo.regedouro.com\\\/2024\\\/11\\\/20\\\/como-viver-uma-estadia-sustentavel\\\/#primaryimage\"},\"image\":{\"@id\":\"https:\\\/\\\/turismo.regedouro.com\\\/2024\\\/11\\\/20\\\/como-viver-uma-estadia-sustentavel\\\/#primaryimage\"},\"thumbnailUrl\":\"https:\\\/\\\/turismo.regedouro.com\\\/wp-content\\\/uploads\\\/2024\\\/11\\\/IMG_8117.jpg\",\"datePublished\":\"2024-11-20T14:28:58+00:00\",\"dateModified\":\"2024-11-20T14:29:25+00:00\",\"description\":\"Descobre como Viver uma Estadia Sustent\u00e1vel no Cora\u00e7\u00e3o do Alentejo com dicas pr\u00e1ticas de sustentabilidade e aprecia\u00e7\u00e3o cultural do espa\u00e7o.\",\"breadcrumb\":{\"@id\":\"https:\\\/\\\/turismo.regedouro.com\\\/2024\\\/11\\\/20\\\/como-viver-uma-estadia-sustentavel\\\/#breadcrumb\"},\"inLanguage\":\"en-US\",\"potentialAction\":[{\"@type\":\"ReadAction\",\"target\":[\"https:\\\/\\\/turismo.regedouro.com\\\/2024\\\/11\\\/20\\\/como-viver-uma-estadia-sustentavel\\\/\"]}]},{\"@type\":\"ImageObject\",\"inLanguage\":\"en-US\",\"@id\":\"https:\\\/\\\/turismo.regedouro.com\\\/2024\\\/11\\\/20\\\/como-viver-uma-estadia-sustentavel\\\/#primaryimage\",\"url\":\"https:\\\/\\\/turismo.regedouro.com\\\/wp-content\\\/uploads\\\/2024\\\/11\\\/IMG_8117.jpg\",\"contentUrl\":\"https:\\\/\\\/turismo.regedouro.com\\\/wp-content\\\/uploads\\\/2024\\\/11\\\/IMG_8117.jpg\",\"width\":1581,\"height\":2048},{\"@type\":\"BreadcrumbList\",\"@id\":\"https:\\\/\\\/turismo.regedouro.com\\\/2024\\\/11\\\/20\\\/como-viver-uma-estadia-sustentavel\\\/#breadcrumb\",\"itemListElement\":[{\"@type\":\"ListItem\",\"position\":1,\"name\":\"Home\",\"item\":\"https:\\\/\\\/turismo.regedouro.com\\\/es\\\/\"},{\"@type\":\"ListItem\",\"position\":2,\"name\":\"Como Viver uma Estadia Sustent\u00e1vel\"}]},{\"@type\":\"WebSite\",\"@id\":\"https:\\\/\\\/turismo.regedouro.com\\\/#website\",\"url\":\"https:\\\/\\\/turismo.regedouro.com\\\/\",\"name\":\"S\u00e3o Br\u00e1s do Regedouro - Turismo na Aldeia\",\"description\":\"Turismo na Aldeia\",\"publisher\":{\"@id\":\"https:\\\/\\\/turismo.regedouro.com\\\/#organization\"},\"potentialAction\":[{\"@type\":\"SearchAction\",\"target\":{\"@type\":\"EntryPoint\",\"urlTemplate\":\"https:\\\/\\\/turismo.regedouro.com\\\/?s={search_term_string}\"},\"query-input\":{\"@type\":\"PropertyValueSpecification\",\"valueRequired\":true,\"valueName\":\"search_term_string\"}}],\"inLanguage\":\"en-US\"},{\"@type\":\"Organization\",\"@id\":\"https:\\\/\\\/turismo.regedouro.com\\\/#organization\",\"name\":\"S\u00e3o Br\u00e1s do Regedouro - Turismo na Aldeia\",\"url\":\"https:\\\/\\\/turismo.regedouro.com\\\/\",\"logo\":{\"@type\":\"ImageObject\",\"inLanguage\":\"en-US\",\"@id\":\"https:\\\/\\\/turismo.regedouro.com\\\/#\\\/schema\\\/logo\\\/image\\\/\",\"url\":\"https:\\\/\\\/turismo.regedouro.com\\\/wp-content\\\/uploads\\\/2023\\\/06\\\/cropped-Horizontal_Azul-1.png\",\"contentUrl\":\"https:\\\/\\\/turismo.regedouro.com\\\/wp-content\\\/uploads\\\/2023\\\/06\\\/cropped-Horizontal_Azul-1.png\",\"width\":512,\"height\":512,\"caption\":\"S\u00e3o Br\u00e1s do Regedouro - Turismo na Aldeia\"},\"image\":{\"@id\":\"https:\\\/\\\/turismo.regedouro.com\\\/#\\\/schema\\\/logo\\\/image\\\/\"},\"sameAs\":[\"https:\\\/\\\/www.facebook.com\\\/saobrasdoregedouro\",\"https:\\\/\\\/www.instagram.com\\\/saobrasdoregedouro\\\/\"]},{\"@type\":\"Person\",\"@id\":\"https:\\\/\\\/turismo.regedouro.com\\\/#\\\/schema\\\/person\\\/ba6b8ec3e7e72cfa7663c0fd89bbcec5\",\"name\":\"admin\",\"image\":{\"@type\":\"ImageObject\",\"inLanguage\":\"en-US\",\"@id\":\"https:\\\/\\\/secure.gravatar.com\\\/avatar\\\/c75937b76c4e069af6a9431fb236a47cc885a31395d3af64cef8d220b320932d?s=96&d=mm&r=g\",\"url\":\"https:\\\/\\\/secure.gravatar.com\\\/avatar\\\/c75937b76c4e069af6a9431fb236a47cc885a31395d3af64cef8d220b320932d?s=96&d=mm&r=g\",\"contentUrl\":\"https:\\\/\\\/secure.gravatar.com\\\/avatar\\\/c75937b76c4e069af6a9431fb236a47cc885a31395d3af64cef8d220b320932d?s=96&d=mm&r=g\",\"caption\":\"admin\"},\"sameAs\":[\"https:\\\/\\\/turismo.regedouro.com\"],\"url\":\"https:\\\/\\\/turismo.regedouro.com\\\/en\\\/author\\\/admin\\\/\"}]}<\/script>\n<!-- \/ Yoast SEO plugin. -->","yoast_head_json":{"title":"[:pt]Como Viver uma Estadia Sustent\u00e1vel[:en]Como Viver uma Estadia Sustent\u00e1vel[:] - S\u00e3o Br\u00e1s do Regedouro","description":"Descobre como Viver uma Estadia Sustent\u00e1vel no Cora\u00e7\u00e3o do Alentejo com dicas pr\u00e1ticas de sustentabilidade e aprecia\u00e7\u00e3o cultural do espa\u00e7o.","robots":{"index":"index","follow":"follow","max-snippet":"max-snippet:-1","max-image-preview":"max-image-preview:large","max-video-preview":"max-video-preview:-1"},"canonical":"https:\/\/turismo.regedouro.com\/2024\/11\/20\/como-viver-uma-estadia-sustentavel\/","og_locale":"en_US","og_type":"article","og_title":"[:pt]Como Viver uma Estadia Sustent\u00e1vel[:en]Como Viver uma Estadia Sustent\u00e1vel[:] - S\u00e3o Br\u00e1s do Regedouro","og_description":"Descobre como Viver uma Estadia Sustent\u00e1vel no Cora\u00e7\u00e3o do Alentejo com dicas pr\u00e1ticas de sustentabilidade e aprecia\u00e7\u00e3o cultural do espa\u00e7o.","og_url":"https:\/\/turismo.regedouro.com\/2024\/11\/20\/como-viver-uma-estadia-sustentavel\/","og_site_name":"S\u00e3o Br\u00e1s do Regedouro","article_publisher":"https:\/\/www.facebook.com\/saobrasdoregedouro","article_published_time":"2024-11-20T14:28:58+00:00","article_modified_time":"2024-11-20T14:29:25+00:00","og_image":[{"width":1581,"height":2048,"url":"https:\/\/turismo.regedouro.com\/wp-content\/uploads\/2024\/11\/IMG_8117.jpg","type":"image\/jpeg"}],"author":"admin","twitter_card":"summary_large_image","twitter_misc":{"Written by":"admin","Est. reading time":"1 minute"},"schema":{"@context":"https:\/\/schema.org","@graph":[{"@type":"Article","@id":"https:\/\/turismo.regedouro.com\/2024\/11\/20\/como-viver-uma-estadia-sustentavel\/#article","isPartOf":{"@id":"https:\/\/turismo.regedouro.com\/2024\/11\/20\/como-viver-uma-estadia-sustentavel\/"},"author":{"name":"admin","@id":"https:\/\/turismo.regedouro.com\/#\/schema\/person\/ba6b8ec3e7e72cfa7663c0fd89bbcec5"},"headline":"Como Viver uma Estadia Sustent\u00e1vel","datePublished":"2024-11-20T14:28:58+00:00","dateModified":"2024-11-20T14:29:25+00:00","mainEntityOfPage":{"@id":"https:\/\/turismo.regedouro.com\/2024\/11\/20\/como-viver-uma-estadia-sustentavel\/"},"wordCount":16,"publisher":{"@id":"https:\/\/turismo.regedouro.com\/#organization"},"image":{"@id":"https:\/\/turismo.regedouro.com\/2024\/11\/20\/como-viver-uma-estadia-sustentavel\/#primaryimage"},"thumbnailUrl":"https:\/\/turismo.regedouro.com\/wp-content\/uploads\/2024\/11\/IMG_8117.jpg","keywords":["Sustentabilidade"],"articleSection":["Aldeia"],"inLanguage":"en-US"},{"@type":"WebPage","@id":"https:\/\/turismo.regedouro.com\/2024\/11\/20\/como-viver-uma-estadia-sustentavel\/","url":"https:\/\/turismo.regedouro.com\/2024\/11\/20\/como-viver-uma-estadia-sustentavel\/","name":"[:pt]Como Viver uma Estadia Sustent\u00e1vel[:en]Como Viver uma Estadia Sustent\u00e1vel[:] - S\u00e3o Br\u00e1s do Regedouro","isPartOf":{"@id":"https:\/\/turismo.regedouro.com\/#website"},"primaryImageOfPage":{"@id":"https:\/\/turismo.regedouro.com\/2024\/11\/20\/como-viver-uma-estadia-sustentavel\/#primaryimage"},"image":{"@id":"https:\/\/turismo.regedouro.com\/2024\/11\/20\/como-viver-uma-estadia-sustentavel\/#primaryimage"},"thumbnailUrl":"https:\/\/turismo.regedouro.com\/wp-content\/uploads\/2024\/11\/IMG_8117.jpg","datePublished":"2024-11-20T14:28:58+00:00","dateModified":"2024-11-20T14:29:25+00:00","description":"Descobre como Viver uma Estadia Sustent\u00e1vel no Cora\u00e7\u00e3o do Alentejo com dicas pr\u00e1ticas de sustentabilidade e aprecia\u00e7\u00e3o cultural do espa\u00e7o.","breadcrumb":{"@id":"https:\/\/turismo.regedouro.com\/2024\/11\/20\/como-viver-uma-estadia-sustentavel\/#breadcrumb"},"inLanguage":"en-US","potentialAction":[{"@type":"ReadAction","target":["https:\/\/turismo.regedouro.com\/2024\/11\/20\/como-viver-uma-estadia-sustentavel\/"]}]},{"@type":"ImageObject","inLanguage":"en-US","@id":"https:\/\/turismo.regedouro.com\/2024\/11\/20\/como-viver-uma-estadia-sustentavel\/#primaryimage","url":"https:\/\/turismo.regedouro.com\/wp-content\/uploads\/2024\/11\/IMG_8117.jpg","contentUrl":"https:\/\/turismo.regedouro.com\/wp-content\/uploads\/2024\/11\/IMG_8117.jpg","width":1581,"height":2048},{"@type":"BreadcrumbList","@id":"https:\/\/turismo.regedouro.com\/2024\/11\/20\/como-viver-uma-estadia-sustentavel\/#breadcrumb","itemListElement":[{"@type":"ListItem","position":1,"name":"Home","item":"https:\/\/turismo.regedouro.com\/es\/"},{"@type":"ListItem","position":2,"name":"Como Viver uma Estadia Sustent\u00e1vel"}]},{"@type":"WebSite","@id":"https:\/\/turismo.regedouro.com\/#website","url":"https:\/\/turismo.regedouro.com\/","name":"S\u00e3o Br\u00e1s do Regedouro - Turismo na Aldeia","description":"Turismo na Aldeia","publisher":{"@id":"https:\/\/turismo.regedouro.com\/#organization"},"potentialAction":[{"@type":"SearchAction","target":{"@type":"EntryPoint","urlTemplate":"https:\/\/turismo.regedouro.com\/?s={search_term_string}"},"query-input":{"@type":"PropertyValueSpecification","valueRequired":true,"valueName":"search_term_string"}}],"inLanguage":"en-US"},{"@type":"Organization","@id":"https:\/\/turismo.regedouro.com\/#organization","name":"S\u00e3o Br\u00e1s do Regedouro - Turismo na Aldeia","url":"https:\/\/turismo.regedouro.com\/","logo":{"@type":"ImageObject","inLanguage":"en-US","@id":"https:\/\/turismo.regedouro.com\/#\/schema\/logo\/image\/","url":"https:\/\/turismo.regedouro.com\/wp-content\/uploads\/2023\/06\/cropped-Horizontal_Azul-1.png","contentUrl":"https:\/\/turismo.regedouro.com\/wp-content\/uploads\/2023\/06\/cropped-Horizontal_Azul-1.png","width":512,"height":512,"caption":"S\u00e3o Br\u00e1s do Regedouro - Turismo na Aldeia"},"image":{"@id":"https:\/\/turismo.regedouro.com\/#\/schema\/logo\/image\/"},"sameAs":["https:\/\/www.facebook.com\/saobrasdoregedouro","https:\/\/www.instagram.com\/saobrasdoregedouro\/"]},{"@type":"Person","@id":"https:\/\/turismo.regedouro.com\/#\/schema\/person\/ba6b8ec3e7e72cfa7663c0fd89bbcec5","name":"admin","image":{"@type":"ImageObject","inLanguage":"en-US","@id":"https:\/\/secure.gravatar.com\/avatar\/c75937b76c4e069af6a9431fb236a47cc885a31395d3af64cef8d220b320932d?s=96&d=mm&r=g","url":"https:\/\/secure.gravatar.com\/avatar\/c75937b76c4e069af6a9431fb236a47cc885a31395d3af64cef8d220b320932d?s=96&d=mm&r=g","contentUrl":"https:\/\/secure.gravatar.com\/avatar\/c75937b76c4e069af6a9431fb236a47cc885a31395d3af64cef8d220b320932d?s=96&d=mm&r=g","caption":"admin"},"sameAs":["https:\/\/turismo.regedouro.com"],"url":"https:\/\/turismo.regedouro.com\/en\/author\/admin\/"}]}},"_links":{"self":[{"href":"https:\/\/turismo.regedouro.com\/en\/wp-json\/wp\/v2\/posts\/2154","targetHints":{"allow":["GET"]}}],"collection":[{"href":"https:\/\/turismo.regedouro.com\/en\/wp-json\/wp\/v2\/posts"}],"about":[{"href":"https:\/\/turismo.regedouro.com\/en\/wp-json\/wp\/v2\/types\/post"}],"author":[{"embeddable":true,"href":"https:\/\/turismo.regedouro.com\/en\/wp-json\/wp\/v2\/users\/1"}],"replies":[{"embeddable":true,"href":"https:\/\/turismo.regedouro.com\/en\/wp-json\/wp\/v2\/comments?post=2154"}],"version-history":[{"count":2,"href":"https:\/\/turismo.regedouro.com\/en\/wp-json\/wp\/v2\/posts\/2154\/revisions"}],"predecessor-version":[{"id":2164,"href":"https:\/\/turismo.regedouro.com\/en\/wp-json\/wp\/v2\/posts\/2154\/revisions\/2164"}],"wp:featuredmedia":[{"embeddable":true,"href":"https:\/\/turismo.regedouro.com\/en\/wp-json\/wp\/v2\/media\/2159"}],"wp:attachment":[{"href":"https:\/\/turismo.regedouro.com\/en\/wp-json\/wp\/v2\/media?parent=2154"}],"wp:term":[{"taxonomy":"category","embeddable":true,"href":"https:\/\/turismo.regedouro.com\/en\/wp-json\/wp\/v2\/categories?post=2154"},{"taxonomy":"post_tag","embeddable":true,"href":"https:\/\/turismo.regedouro.com\/en\/wp-json\/wp\/v2\/tags?post=2154"}],"curies":[{"name":"wp","href":"https:\/\/api.w.org\/{rel}","templated":true}]}}